{"id":2675,"date":"2019-03-21T18:30:54","date_gmt":"2019-03-21T17:30:54","guid":{"rendered":"https:\/\/natureetresidencevillage.com\/?p=2675"},"modified":"2021-10-12T09:45:18","modified_gmt":"2021-10-12T07:45:18","slug":"portrait-luis-do-souto","status":"publish","type":"post","link":"https:\/\/natureetresidencevillage.com\/en\/blog\/portrait-luis-do-souto\/","title":{"rendered":"PROFILE OF LUIS DO SOUTO"},"content":{"rendered":"<div data-elementor-type=\"wp-post\" data-elementor-id=\"2675\" class=\"elementor elementor-2675\" data-elementor-post-type=\"post\">\n\t\t\t\t\t\t<section class=\"elementor-section elementor-top-section elementor-element elementor-element-ca588b1 elementor-section-boxed elementor-section-height-default elementor-section-height-default\" data-id=\"ca588b1\" data-element_type=\"section\" data-e-type=\"section\">\n\t\t\t\t\t\t<div class=\"elementor-container elementor-column-gap-default\">\n\t\t\t\t\t<div class=\"elementor-column elementor-col-100 elementor-top-column elementor-element elementor-element-59d1d97\" data-id=\"59d1d97\" data-element_type=\"column\" data-e-type=\"column\">\n\t\t\t<div class=\"elementor-widget-wrap elementor-element-populated\">\n\t\t\t\t\t\t<div class=\"elementor-element elementor-element-d0d6328 elementor-widget elementor-widget-image\" data-id=\"d0d6328\" data-element_type=\"widget\" data-e-type=\"widget\" data-widget_type=\"image.default\">\n\t\t\t\t<div class=\"elementor-widget-container\">\n\t\t\t\t\t\t\t\t\t\t\t\t\t\t\t<img fetchpriority=\"high\" decoding=\"async\" width=\"855\" height=\"498\" src=\"https:\/\/natureetresidencevillage.com\/wp-content\/uploads\/2020\/01\/louis-1024x597.jpg\" class=\"attachment-large size-large wp-image-2678\" alt=\"article luis do souto pays basque excellence\" srcset=\"https:\/\/natureetresidencevillage.com\/wp-content\/uploads\/2020\/01\/louis-1024x597.jpg 1024w, https:\/\/natureetresidencevillage.com\/wp-content\/uploads\/2020\/01\/louis-300x175.jpg 300w, https:\/\/natureetresidencevillage.com\/wp-content\/uploads\/2020\/01\/louis-768x448.jpg 768w, https:\/\/natureetresidencevillage.com\/wp-content\/uploads\/2020\/01\/louis.jpg 1200w\" sizes=\"(max-width: 855px) 100vw, 855px\" \/>\t\t\t\t\t\t\t\t\t\t\t\t\t\t\t<\/div>\n\t\t\t\t<\/div>\n\t\t\t\t<div class=\"elementor-element elementor-element-2e8d47b elementor-widget elementor-widget-text-editor\" data-id=\"2e8d47b\" data-element_type=\"widget\" data-e-type=\"widget\" data-widget_type=\"text-editor.default\">\n\t\t\t\t<div class=\"elementor-widget-container\">\n\t\t\t\t\t\t\t\t\t<p>Source :&nbsp;<a href=\"https:\/\/www.pays-basque-excellence.org\/talents\/luis-do-souto\/\">https:\/\/www.pays-basque-excellence.org\/talents\/luis-do-souto\/<\/a><\/p>\n<p><strong>Distingu\u00e9 au titre de son humanit\u00e9 dans le travail, de sa loyaut\u00e9 en amiti\u00e9, pour son audace d\u2019entrepreneur, et pour avoir cr\u00e9\u00e9 avec Philippe Bernat-Salles le concept innovant de parc r\u00e9sidentiel de loisir \u00e0 succ\u00e8s : Nature et R\u00e9sidence.<\/strong><\/p>\n<div class=\"wpb_text_column wpb_content_element\">\n<div class=\"wpb_wrapper\">\n<p><strong>Notre Hommage :<\/strong>&nbsp;Pays Basque Excellence aime les entrepreneurs comme Luis Do Souto qui au lieu de sp\u00e9culer b\u00eatement sur l\u2019immobilier comme beaucoup d\u2019autres, cr\u00e9e des solutions innovantes en termes d\u2019habitats locaux avec In\u2019Sitom, et de logement de loisir avec&nbsp;<em>Nature et R\u00e9sidence.<\/em><\/p>\n<p>Comme il a l\u2019ambition d\u2019exporter ses id\u00e9es et ses concepts immobiliers dans tous les jolis coins de France, cela va cr\u00e9er de la valeur ajout\u00e9e pour l\u2019\u00e9conomie de notre pays, et donc de l\u2019emploi et donc de la richesse soci\u00e9tale\u2026 Et cela on aime !<\/p>\n<p>Tout commence par une histoire d\u2019amiti\u00e9 professionnelle et sa rencontre avec&nbsp;Philippe Bernat-Salles en 1999, peu avant que ce dernier devienne vice-champion du monde de rugby avec les Bleus.<\/p>\n<p>Bon, Philippe Bernart-Salles n\u2019est pas basque mais b\u00e9arnais, mais nous lui pardonnerons d\u2019autant que nous aimons nos cousins, et qu\u2019il a rachet\u00e9 la brasserie Les Colonnes en 2019, et a int\u00e9gr\u00e9 le directoire du&nbsp;Biarritz Olympique, d\u00e9sormais pr\u00e9sid\u00e9 par Jean-Baptiste Aldig\u00e9.&nbsp;PBS est donc depuis longtemps adoub\u00e9 !<\/p>\n<p>Mais revenons \u00e0 Luis Do Souto\u2026 qui d\u00e9marre&nbsp;donc une nouvelle aventure professionnelle avec la gestion du&nbsp;<em>Camping de la Mer<\/em>&nbsp;\u00e0 Labenne, histoire de se mettre en jambes, de se roder, de tester quelques id\u00e9es\u2026<\/p>\n<p>Le duo avec PBS fonctionne, la baraka est l\u00e0, les bonnes saisons s\u2019enchainent et les encouragent \u00e0 continuer sur leur perc\u00e9e en faisant l\u2019acquisition d\u2019autres campings, d\u2019autres victoires, d\u2019autres bonheurs\u2026<\/p>\n<p>Dix ans apr\u00e8s leur rencontre, en 2009, forts de leur exp\u00e9rience dans les campings, les deux hommes ont l\u2019envie de s\u2019attaquer \u00e0 la promotion immobili\u00e8re innovante sous un angle nouveau, avec la cr\u00e9ation de parcs r\u00e9sidentiels de loisirs, sous la marque&nbsp;<em>Nature et R\u00e9sidence<\/em><strong>,<\/strong>&nbsp;des lieux d\u00e9di\u00e9s au bien-\u00eatre et au repos, inspir\u00e9s de ceux qui se font dans d\u2019autres pays, mais adapt\u00e9s aux particularit\u00e9s du march\u00e9 fran\u00e7ais.<\/p>\n<p>Apr\u00e8s quelques r\u00e9glages sur le mod\u00e8le \u00e9conomique, sur le marketing de l\u2019offre, sur la recherche de terrains adapt\u00e9s, le design, la conception et la construction des premi\u00e8res habitations, la formule s\u00e9duit et fonctionne tr\u00e8s vite\u2026 Elle consiste \u00e0 proposer \u00e0 des particuliers de devenir propri\u00e9taires d\u2019une r\u00e9sidence secondaire, \u00e0 prix accessible, bien meilleur march\u00e9 qu\u2019une maison de campagne et plus confortable qu\u2019un mobil-home dans un cadre agr\u00e9able et naturel qui invite \u00e0 la d\u00e9tente\u2026<\/p>\n<p><strong>Que demander de mieux ?<\/strong><\/p>\n<p>Ainsi Nature et R\u00e9sidence propose des programmes de loisir respectueux de l\u2019environnement tout en restant accessibles et \u00e9conomiques ; des bungalows de qualit\u00e9 au style contemporain au sein d\u2019espaces de vill\u00e9giature dignes des campings haut de gamme, et offrant tous les services et les \u00e9quipements d\u00e9sormais attendus par les acqu\u00e9reurs de plus en plus exigeants : parking, espaces verts, piscine chauff\u00e9e l\u2019hiver, aires de jeux et m\u00eame salle de r\u00e9union pour attirer la client\u00e8le d\u2019affaire.<\/p>\n<p>Bref, une offre qui s\u00e9duit une large client\u00e8le de seniors et de familles ayant envie d\u2019investir dans l\u2019avenir et celui de leurs descendants.<\/p>\n<p>A bien y r\u00e9fl\u00e9chir, ce concept correspond parfaitement \u00e0 Luis Do Souto, un homme profond\u00e9ment humain selon ceux qui le connaissent, aussi engag\u00e9 dans le travail que dans la f\u00eate, un homme qui voit la vie comme un grand jeu, le travail comme un sport s\u00e9rieux et l\u2019amour des siens comme une \u00e9nergie in\u00e9puisable.<\/p>\n<p>Nul doute que dans les sports qu\u2019il a pratiqu\u00e9s, comme dans la musique qu\u2019il aime partager entre amis, Luis est un camarade loyal, de ceux sur qui l\u2019on peut compter, ceux qui, au-del\u00e0 des bravades de fin de soir\u00e9es, seront \u00e0 l\u2019heure le lendemain au bureau, pr\u00eats \u00e0 vous \u00e9pauler, voire m\u00eame \u00e0 vous servir le caf\u00e9.<\/p>\n<p>Luis n\u2019est pas n\u00e9 ici, mais il est l\u2019un de nos enfants adoptifs les plus attachants. Aussi, nous lui souhaitons beaucoup de succ\u00e8s, ainsi qu\u2019\u00e0 Nature et R\u00e9sidence qui pr\u00f4ne comme son site l\u2019indique : l\u2019humanit\u00e9, le respect de l\u2019environnement, le respect des artisans, et l\u2019\u00e9coute des clients avant tout\u2026<\/p>\n<p><strong>Il y a pire comme devise professionnelle\u2026 Non ?<\/strong><\/p>\n<div>\n<h3><strong>SON AUTOBIOGRAPHIE :<\/strong><\/h3>\n<p><em>Apr\u00e8s une formation dans le technique et un d\u00e9but de carri\u00e8re dans la restauration, j\u2019ai ensuite \u00e9volu\u00e9 principalement dans le tourisme en cr\u00e9ant avec un associ\u00e9 entre 2000 et 2015 un groupe de campings sur la cote Atlantique. 100% autodidacte, curieux, et entrepreneur dans l\u2019\u00e2me, mais avant tout amoureux des&nbsp; rencontres humaines j\u2019ai pu avoir des opportunit\u00e9s qui m\u2019ont emmen\u00e9 au cr\u00e9er ou g\u00e9rer d\u2019autres affaires dans diff\u00e9rents domaines.<\/em><\/p>\n<p><em>Depuis 2014, je suis associ\u00e9 d\u2019une soci\u00e9t\u00e9 de promotion immobili\u00e8re avec des sp\u00e9cialistes d\u2019un m\u00e9tier passionnant que j\u2019apprends humblement au fur et \u00e0 mesure du temps.<\/em><\/p>\n<p><em>\u00c0 mi-chemin entre les campings et l\u2019immobilier classique notre groupe \u00e0 cr\u00e9\u00e9 une marque \u201cNature et R\u00e9sidence&nbsp;\u00bb sp\u00e9cialiste dans la conception, l\u2019am\u00e9nagement et la commercialisation&nbsp;de Parcs R\u00e9sidentiels de Loisirs, qui aujourd\u2019hui est pr\u00e9sente sur tout le territoire.<\/em><\/p>\n<\/div>\n<p><strong>VOUS<\/strong><\/p>\n<p><strong>Quel h\u00e9ros vous fascinait quand vous \u00e9tiez enfant ?<\/strong><br>Louis de Fun\u00e8s !<\/p>\n<p><strong>Quelles sont les valeurs qui vous sont essentielles ?<\/strong><br>Loyaut\u00e9, Respect, Tol\u00e9rance<\/p>\n<\/div>\n<p><strong>Quel souvenir aimeriez-vous laisser \u00e0 ceux que vous aimez ?<br><\/strong>Que j\u2019ai \u00e9t\u00e9 tout le long aimant, humain et juste\u2026<\/p>\n<p><strong>VOTRE TRAVAIL<\/strong><\/p>\n<p><strong>Quel a \u00e9t\u00e9 votre premier job dans la vie ?<br><\/strong>R\u00e9colte de ma\u00efs et d\u2019asperges (trop dur&nbsp;!!! lol)<\/p>\n<p><strong>A quoi ressemble une de vos journ\u00e9es ?<br><\/strong>Elles sont vari\u00e9es, j\u2019effectue beaucoup de d\u00e9placements et j\u2019ai donc un emploi du temps assez charg\u00e9&nbsp;!<\/p>\n<p><strong>Quelles sont les qualit\u00e9s professionnelles que vous appr\u00e9ciez ?<br><\/strong>Le respect de la parole, des engagements, assumer ses erreurs, la remise en question, la loyaut\u00e9.<\/p>\n<p><strong>VOTRE PAYS BASQUE<\/strong><\/p>\n<p><strong>Quel est votre meilleur souvenir au Pays basque ?<br><\/strong>D\u00e9j\u00e0 en premier lieu merci au Pays Basque de m\u2019avoir accueilli et m\u2019avoir permis de vivre autant de belles choses et fait tant de magnifiques rencontres. Sinon, tous les ans la veille des f\u00eates de Bayonne o\u00f9 j\u2019\u00e9tale les affaires rouges et blanches sur le lit pour pr\u00e9parer le sac du lendemain<\/p>\n<p><strong>Quels sont les endroits que vous aimez fr\u00e9quenter ?<br><\/strong>La montagne que j\u2019ai eu pratiqu\u00e9e, les couchers de soleil sur la cote et tous les endroits conviviaux o\u00f9 je partage que des bons moments avec ceux que j\u2019aime. \u00c9galement tous les lieux o\u00f9 j\u2019ai le plaisir de chanter et jouer de la guitare avec mes camarades pour partager cette belle culture<\/p>\n<p><strong>\u00c0 quoi ressemblerait votre Pays Basque Id\u00e9al ?<br><\/strong>Un Pays Basque o\u00f9 l\u2019\u00e9quilibre entre l\u2019\u00e9conomie, le bien vivre et la paix sociale serait trouv\u00e9, o\u00f9 la plupart des g\u00e9n\u00e9rations d\u2019entrepreneurs transmettent et privil\u00e9gient des acteurs locaux pour le futur, mais aussi et surtout o\u00f9 la culture et les traditions ne perdent jamais leur place et soient accessibles \u00e0 tous<\/p>\n<p><strong>VOTRE QUESTION<\/strong><\/p>\n<p><strong>Quelle question aimeriez-vous poser si vous \u00e9tiez s\u00fbr d\u2019avoir la r\u00e9ponse ?<br><\/strong><em>Pourquoi on ne se met pas autour de la table pour r\u00e9fl\u00e9chir \u00e0 une solution et trouver un \u00e9quilibre pour tous dans tous les domaines&nbsp;?!&nbsp;<\/em><em>\u00c7a ne veut pas dire qu\u2019il faut que tout le monde soit \u00e9gal \u00e0 tous points de vue, mais juste que personne ne se sente d\u00e9laiss\u00e9\u2026<\/em><\/p>\n<p>\u00a9 Franck Sallaberry pour l\u2019Institut Pays Basque Excellence \/ Cr\u00e9dit Photo : Merci au talent de Vincent BIARD !<\/p>\n<\/div>\t\t\t\t\t\t\t\t<\/div>\n\t\t\t\t<\/div>\n\t\t\t\t\t<\/div>\n\t\t<\/div>\n\t\t\t\t\t<\/div>\n\t\t<\/section>\n\t\t\t\t<\/div>","protected":false},"excerpt":{"rendered":"<p>Source :\u00a0https:\/\/www.pays-basque-excellence.org\/talents\/luis-do-souto\/ Distingu\u00e9 au titre de son humanit\u00e9 dans le travail, de sa loyaut\u00e9 en amiti\u00e9, pour son audace d\u2019entrepreneur, et pour avoir cr\u00e9\u00e9 avec Philippe Bernat-Salles le concept innovant de parc r\u00e9sidentiel de loisir \u00e0 succ\u00e8s : Nature et R\u00e9sidence. Notre Hommage :\u00a0Pays Basque Excellence aime les entrepreneurs comme Luis Do Souto qui au &#8230; <a title=\"PROFILE OF LUIS DO SOUTO\" class=\"read-more\" href=\"https:\/\/natureetresidencevillage.com\/en\/blog\/portrait-luis-do-souto\/\" aria-label=\"Read more about PORTRAIT LUIS DO SOUTO\">Read more<\/a><\/p>","protected":false},"author":1,"featured_media":2684,"comment_status":"open","ping_status":"open","sticky":false,"template":"","format":"standard","meta":{"_acf_changed":false,"footnotes":""},"categories":[25,353],"tags":[],"class_list":["post-2675","post","type-post","status-publish","format-standard","has-post-thumbnail","hentry","category-blog","category-presse"],"acf":[],"yoast_head":"<!-- This site is optimized with the Yoast SEO plugin v27.5 - https:\/\/yoast.com\/product\/yoast-seo-wordpress\/ -->\n<title>PORTRAIT LUIS DO SOUTO - Nature et R\u00e9sidence Village<\/title>\n<meta name=\"robots\" content=\"index, follow, max-snippet:-1, max-image-preview:large, max-video-preview:-1\" \/>\n<link rel=\"canonical\" href=\"https:\/\/natureetresidencevillage.com\/en\/blog\/portrait-luis-do-souto\/\" \/>\n<meta property=\"og:locale\" content=\"en_GB\" \/>\n<meta property=\"og:type\" content=\"article\" \/>\n<meta property=\"og:title\" content=\"PORTRAIT LUIS DO SOUTO - Nature et R\u00e9sidence Village\" \/>\n<meta property=\"og:description\" content=\"Source :\u00a0https:\/\/www.pays-basque-excellence.org\/talents\/luis-do-souto\/ Distingu\u00e9 au titre de son humanit\u00e9 dans le travail, de sa loyaut\u00e9 en amiti\u00e9, pour son audace d\u2019entrepreneur, et pour avoir cr\u00e9\u00e9 avec Philippe Bernat-Salles le concept innovant de parc r\u00e9sidentiel de loisir \u00e0 succ\u00e8s : Nature et R\u00e9sidence. Notre Hommage :\u00a0Pays Basque Excellence aime les entrepreneurs comme Luis Do Souto qui au ... Read more\" \/>\n<meta property=\"og:url\" content=\"https:\/\/natureetresidencevillage.com\/en\/blog\/portrait-luis-do-souto\/\" \/>\n<meta property=\"og:site_name\" content=\"Nature et R\u00e9sidence Village\" \/>\n<meta property=\"article:publisher\" content=\"https:\/\/www.facebook.com\/natureetresidence\/\" \/>\n<meta property=\"article:published_time\" content=\"2019-03-21T17:30:54+00:00\" \/>\n<meta property=\"article:modified_time\" content=\"2021-10-12T07:45:18+00:00\" \/>\n<meta property=\"og:image\" content=\"https:\/\/natureetresidencevillage.com\/wp-content\/uploads\/2020\/01\/photo-louis-de-souto-pays-basque-excellence.jpg\" \/>\n\t<meta property=\"og:image:width\" content=\"1200\" \/>\n\t<meta property=\"og:image:height\" content=\"700\" \/>\n\t<meta property=\"og:image:type\" content=\"image\/jpeg\" \/>\n<meta name=\"author\" content=\"admins\" \/>\n<meta name=\"twitter:card\" content=\"summary_large_image\" \/>\n<meta name=\"twitter:label1\" content=\"Written by\" \/>\n\t<meta name=\"twitter:data1\" content=\"admins\" \/>\n\t<meta name=\"twitter:label2\" content=\"Estimated reading time\" \/>\n\t<meta name=\"twitter:data2\" content=\"7 minutes\" \/>\n<script type=\"application\/ld+json\" class=\"yoast-schema-graph\">{\"@context\":\"https:\\\/\\\/schema.org\",\"@graph\":[{\"@type\":\"Article\",\"@id\":\"https:\\\/\\\/natureetresidencevillage.com\\\/en\\\/blog\\\/portrait-luis-do-souto\\\/#article\",\"isPartOf\":{\"@id\":\"https:\\\/\\\/natureetresidencevillage.com\\\/en\\\/blog\\\/portrait-luis-do-souto\\\/\"},\"author\":{\"name\":\"admins\",\"@id\":\"https:\\\/\\\/natureetresidencevillage.com\\\/#\\\/schema\\\/person\\\/0353f501180ea7d082b597d96dbc4995\"},\"headline\":\"PORTRAIT LUIS DO SOUTO\",\"datePublished\":\"2019-03-21T17:30:54+00:00\",\"dateModified\":\"2021-10-12T07:45:18+00:00\",\"mainEntityOfPage\":{\"@id\":\"https:\\\/\\\/natureetresidencevillage.com\\\/en\\\/blog\\\/portrait-luis-do-souto\\\/\"},\"wordCount\":1338,\"commentCount\":0,\"publisher\":{\"@id\":\"https:\\\/\\\/natureetresidencevillage.com\\\/#organization\"},\"image\":{\"@id\":\"https:\\\/\\\/natureetresidencevillage.com\\\/en\\\/blog\\\/portrait-luis-do-souto\\\/#primaryimage\"},\"thumbnailUrl\":\"https:\\\/\\\/natureetresidencevillage.com\\\/wp-content\\\/uploads\\\/2020\\\/01\\\/photo-louis-de-souto-pays-basque-excellence.jpg\",\"articleSection\":[\"Blog\",\"Presse\"],\"inLanguage\":\"en-GB\",\"potentialAction\":[{\"@type\":\"CommentAction\",\"name\":\"Comment\",\"target\":[\"https:\\\/\\\/natureetresidencevillage.com\\\/en\\\/blog\\\/portrait-luis-do-souto\\\/#respond\"]}]},{\"@type\":\"WebPage\",\"@id\":\"https:\\\/\\\/natureetresidencevillage.com\\\/en\\\/blog\\\/portrait-luis-do-souto\\\/\",\"url\":\"https:\\\/\\\/natureetresidencevillage.com\\\/en\\\/blog\\\/portrait-luis-do-souto\\\/\",\"name\":\"PORTRAIT LUIS DO SOUTO - Nature et R\u00e9sidence Village\",\"isPartOf\":{\"@id\":\"https:\\\/\\\/natureetresidencevillage.com\\\/#website\"},\"primaryImageOfPage\":{\"@id\":\"https:\\\/\\\/natureetresidencevillage.com\\\/en\\\/blog\\\/portrait-luis-do-souto\\\/#primaryimage\"},\"image\":{\"@id\":\"https:\\\/\\\/natureetresidencevillage.com\\\/en\\\/blog\\\/portrait-luis-do-souto\\\/#primaryimage\"},\"thumbnailUrl\":\"https:\\\/\\\/natureetresidencevillage.com\\\/wp-content\\\/uploads\\\/2020\\\/01\\\/photo-louis-de-souto-pays-basque-excellence.jpg\",\"datePublished\":\"2019-03-21T17:30:54+00:00\",\"dateModified\":\"2021-10-12T07:45:18+00:00\",\"breadcrumb\":{\"@id\":\"https:\\\/\\\/natureetresidencevillage.com\\\/en\\\/blog\\\/portrait-luis-do-souto\\\/#breadcrumb\"},\"inLanguage\":\"en-GB\",\"potentialAction\":[{\"@type\":\"ReadAction\",\"target\":[\"https:\\\/\\\/natureetresidencevillage.com\\\/en\\\/blog\\\/portrait-luis-do-souto\\\/\"]}]},{\"@type\":\"ImageObject\",\"inLanguage\":\"en-GB\",\"@id\":\"https:\\\/\\\/natureetresidencevillage.com\\\/en\\\/blog\\\/portrait-luis-do-souto\\\/#primaryimage\",\"url\":\"https:\\\/\\\/natureetresidencevillage.com\\\/wp-content\\\/uploads\\\/2020\\\/01\\\/photo-louis-de-souto-pays-basque-excellence.jpg\",\"contentUrl\":\"https:\\\/\\\/natureetresidencevillage.com\\\/wp-content\\\/uploads\\\/2020\\\/01\\\/photo-louis-de-souto-pays-basque-excellence.jpg\",\"width\":1200,\"height\":700,\"caption\":\"article luis do souto pays basque\"},{\"@type\":\"BreadcrumbList\",\"@id\":\"https:\\\/\\\/natureetresidencevillage.com\\\/en\\\/blog\\\/portrait-luis-do-souto\\\/#breadcrumb\",\"itemListElement\":[{\"@type\":\"ListItem\",\"position\":1,\"name\":\"Nature et R\u00e9sidence Village\",\"item\":\"https:\\\/\\\/natureetresidencevillage.com\\\/\"},{\"@type\":\"ListItem\",\"position\":2,\"name\":\"Blog\",\"item\":\"https:\\\/\\\/natureetresidencevillage.com\\\/blog\\\/\"},{\"@type\":\"ListItem\",\"position\":3,\"name\":\"PORTRAIT LUIS DO SOUTO\"}]},{\"@type\":\"WebSite\",\"@id\":\"https:\\\/\\\/natureetresidencevillage.com\\\/#website\",\"url\":\"https:\\\/\\\/natureetresidencevillage.com\\\/\",\"name\":\"Nature et R\u00e9sidence Village\",\"description\":\"Un site utilisant WordPress\",\"publisher\":{\"@id\":\"https:\\\/\\\/natureetresidencevillage.com\\\/#organization\"},\"potentialAction\":[{\"@type\":\"SearchAction\",\"target\":{\"@type\":\"EntryPoint\",\"urlTemplate\":\"https:\\\/\\\/natureetresidencevillage.com\\\/?s={search_term_string}\"},\"query-input\":{\"@type\":\"PropertyValueSpecification\",\"valueRequired\":true,\"valueName\":\"search_term_string\"}}],\"inLanguage\":\"en-GB\"},{\"@type\":\"Organization\",\"@id\":\"https:\\\/\\\/natureetresidencevillage.com\\\/#organization\",\"name\":\"Nature & R\u00e9sidence Village\",\"url\":\"https:\\\/\\\/natureetresidencevillage.com\\\/\",\"logo\":{\"@type\":\"ImageObject\",\"inLanguage\":\"en-GB\",\"@id\":\"https:\\\/\\\/natureetresidencevillage.com\\\/#\\\/schema\\\/logo\\\/image\\\/\",\"url\":\"https:\\\/\\\/natureetresidencevillage.com\\\/wp-content\\\/uploads\\\/2019\\\/12\\\/logo-nature-residence-village-ss-baseline.jpg\",\"contentUrl\":\"https:\\\/\\\/natureetresidencevillage.com\\\/wp-content\\\/uploads\\\/2019\\\/12\\\/logo-nature-residence-village-ss-baseline.jpg\",\"width\":800,\"height\":280,\"caption\":\"Nature & R\u00e9sidence Village\"},\"image\":{\"@id\":\"https:\\\/\\\/natureetresidencevillage.com\\\/#\\\/schema\\\/logo\\\/image\\\/\"},\"sameAs\":[\"https:\\\/\\\/www.facebook.com\\\/natureetresidence\\\/\",\"https:\\\/\\\/www.instagram.com\\\/nature_et_residence\\\/\",\"https:\\\/\\\/www.pinterest.fr\\\/natureetresidence\\\/\"]},{\"@type\":\"Person\",\"@id\":\"https:\\\/\\\/natureetresidencevillage.com\\\/#\\\/schema\\\/person\\\/0353f501180ea7d082b597d96dbc4995\",\"name\":\"admins\"}]}<\/script>\n<!-- \/ Yoast SEO plugin. -->","yoast_head_json":{"title":"PORTRAIT LUIS DO SOUTO - Nature et R\u00e9sidence Village","robots":{"index":"index","follow":"follow","max-snippet":"max-snippet:-1","max-image-preview":"max-image-preview:large","max-video-preview":"max-video-preview:-1"},"canonical":"https:\/\/natureetresidencevillage.com\/en\/blog\/portrait-luis-do-souto\/","og_locale":"en_GB","og_type":"article","og_title":"PORTRAIT LUIS DO SOUTO - Nature et R\u00e9sidence Village","og_description":"Source :\u00a0https:\/\/www.pays-basque-excellence.org\/talents\/luis-do-souto\/ Distingu\u00e9 au titre de son humanit\u00e9 dans le travail, de sa loyaut\u00e9 en amiti\u00e9, pour son audace d\u2019entrepreneur, et pour avoir cr\u00e9\u00e9 avec Philippe Bernat-Salles le concept innovant de parc r\u00e9sidentiel de loisir \u00e0 succ\u00e8s : Nature et R\u00e9sidence. Notre Hommage :\u00a0Pays Basque Excellence aime les entrepreneurs comme Luis Do Souto qui au ... Read more","og_url":"https:\/\/natureetresidencevillage.com\/en\/blog\/portrait-luis-do-souto\/","og_site_name":"Nature et R\u00e9sidence Village","article_publisher":"https:\/\/www.facebook.com\/natureetresidence\/","article_published_time":"2019-03-21T17:30:54+00:00","article_modified_time":"2021-10-12T07:45:18+00:00","og_image":[{"width":1200,"height":700,"url":"https:\/\/natureetresidencevillage.com\/wp-content\/uploads\/2020\/01\/photo-louis-de-souto-pays-basque-excellence.jpg","type":"image\/jpeg"}],"author":"admins","twitter_card":"summary_large_image","twitter_misc":{"Written by":"admins","Estimated reading time":"7 minutes"},"schema":{"@context":"https:\/\/schema.org","@graph":[{"@type":"Article","@id":"https:\/\/natureetresidencevillage.com\/en\/blog\/portrait-luis-do-souto\/#article","isPartOf":{"@id":"https:\/\/natureetresidencevillage.com\/en\/blog\/portrait-luis-do-souto\/"},"author":{"name":"admins","@id":"https:\/\/natureetresidencevillage.com\/#\/schema\/person\/0353f501180ea7d082b597d96dbc4995"},"headline":"PORTRAIT LUIS DO SOUTO","datePublished":"2019-03-21T17:30:54+00:00","dateModified":"2021-10-12T07:45:18+00:00","mainEntityOfPage":{"@id":"https:\/\/natureetresidencevillage.com\/en\/blog\/portrait-luis-do-souto\/"},"wordCount":1338,"commentCount":0,"publisher":{"@id":"https:\/\/natureetresidencevillage.com\/#organization"},"image":{"@id":"https:\/\/natureetresidencevillage.com\/en\/blog\/portrait-luis-do-souto\/#primaryimage"},"thumbnailUrl":"https:\/\/natureetresidencevillage.com\/wp-content\/uploads\/2020\/01\/photo-louis-de-souto-pays-basque-excellence.jpg","articleSection":["Blog","Presse"],"inLanguage":"en-GB","potentialAction":[{"@type":"CommentAction","name":"Comment","target":["https:\/\/natureetresidencevillage.com\/en\/blog\/portrait-luis-do-souto\/#respond"]}]},{"@type":"WebPage","@id":"https:\/\/natureetresidencevillage.com\/en\/blog\/portrait-luis-do-souto\/","url":"https:\/\/natureetresidencevillage.com\/en\/blog\/portrait-luis-do-souto\/","name":"PORTRAIT LUIS DO SOUTO - Nature et R\u00e9sidence Village","isPartOf":{"@id":"https:\/\/natureetresidencevillage.com\/#website"},"primaryImageOfPage":{"@id":"https:\/\/natureetresidencevillage.com\/en\/blog\/portrait-luis-do-souto\/#primaryimage"},"image":{"@id":"https:\/\/natureetresidencevillage.com\/en\/blog\/portrait-luis-do-souto\/#primaryimage"},"thumbnailUrl":"https:\/\/natureetresidencevillage.com\/wp-content\/uploads\/2020\/01\/photo-louis-de-souto-pays-basque-excellence.jpg","datePublished":"2019-03-21T17:30:54+00:00","dateModified":"2021-10-12T07:45:18+00:00","breadcrumb":{"@id":"https:\/\/natureetresidencevillage.com\/en\/blog\/portrait-luis-do-souto\/#breadcrumb"},"inLanguage":"en-GB","potentialAction":[{"@type":"ReadAction","target":["https:\/\/natureetresidencevillage.com\/en\/blog\/portrait-luis-do-souto\/"]}]},{"@type":"ImageObject","inLanguage":"en-GB","@id":"https:\/\/natureetresidencevillage.com\/en\/blog\/portrait-luis-do-souto\/#primaryimage","url":"https:\/\/natureetresidencevillage.com\/wp-content\/uploads\/2020\/01\/photo-louis-de-souto-pays-basque-excellence.jpg","contentUrl":"https:\/\/natureetresidencevillage.com\/wp-content\/uploads\/2020\/01\/photo-louis-de-souto-pays-basque-excellence.jpg","width":1200,"height":700,"caption":"article luis do souto pays basque"},{"@type":"BreadcrumbList","@id":"https:\/\/natureetresidencevillage.com\/en\/blog\/portrait-luis-do-souto\/#breadcrumb","itemListElement":[{"@type":"ListItem","position":1,"name":"Nature et R\u00e9sidence Village","item":"https:\/\/natureetresidencevillage.com\/"},{"@type":"ListItem","position":2,"name":"Blog","item":"https:\/\/natureetresidencevillage.com\/blog\/"},{"@type":"ListItem","position":3,"name":"PORTRAIT LUIS DO SOUTO"}]},{"@type":"WebSite","@id":"https:\/\/natureetresidencevillage.com\/#website","url":"https:\/\/natureetresidencevillage.com\/","name":"Nature et R\u00e9sidence Village","description":"Un site utilisant WordPress","publisher":{"@id":"https:\/\/natureetresidencevillage.com\/#organization"},"potentialAction":[{"@type":"SearchAction","target":{"@type":"EntryPoint","urlTemplate":"https:\/\/natureetresidencevillage.com\/?s={search_term_string}"},"query-input":{"@type":"PropertyValueSpecification","valueRequired":true,"valueName":"search_term_string"}}],"inLanguage":"en-GB"},{"@type":"Organization","@id":"https:\/\/natureetresidencevillage.com\/#organization","name":"Nature & R\u00e9sidence Village","url":"https:\/\/natureetresidencevillage.com\/","logo":{"@type":"ImageObject","inLanguage":"en-GB","@id":"https:\/\/natureetresidencevillage.com\/#\/schema\/logo\/image\/","url":"https:\/\/natureetresidencevillage.com\/wp-content\/uploads\/2019\/12\/logo-nature-residence-village-ss-baseline.jpg","contentUrl":"https:\/\/natureetresidencevillage.com\/wp-content\/uploads\/2019\/12\/logo-nature-residence-village-ss-baseline.jpg","width":800,"height":280,"caption":"Nature & R\u00e9sidence Village"},"image":{"@id":"https:\/\/natureetresidencevillage.com\/#\/schema\/logo\/image\/"},"sameAs":["https:\/\/www.facebook.com\/natureetresidence\/","https:\/\/www.instagram.com\/nature_et_residence\/","https:\/\/www.pinterest.fr\/natureetresidence\/"]},{"@type":"Person","@id":"https:\/\/natureetresidencevillage.com\/#\/schema\/person\/0353f501180ea7d082b597d96dbc4995","name":"admins"}]}},"_links":{"self":[{"href":"https:\/\/natureetresidencevillage.com\/en\/wp-json\/wp\/v2\/posts\/2675","targetHints":{"allow":["GET"]}}],"collection":[{"href":"https:\/\/natureetresidencevillage.com\/en\/wp-json\/wp\/v2\/posts"}],"about":[{"href":"https:\/\/natureetresidencevillage.com\/en\/wp-json\/wp\/v2\/types\/post"}],"author":[{"embeddable":true,"href":"https:\/\/natureetresidencevillage.com\/en\/wp-json\/wp\/v2\/users\/1"}],"replies":[{"embeddable":true,"href":"https:\/\/natureetresidencevillage.com\/en\/wp-json\/wp\/v2\/comments?post=2675"}],"version-history":[{"count":0,"href":"https:\/\/natureetresidencevillage.com\/en\/wp-json\/wp\/v2\/posts\/2675\/revisions"}],"wp:featuredmedia":[{"embeddable":true,"href":"https:\/\/natureetresidencevillage.com\/en\/wp-json\/wp\/v2\/media\/2684"}],"wp:attachment":[{"href":"https:\/\/natureetresidencevillage.com\/en\/wp-json\/wp\/v2\/media?parent=2675"}],"wp:term":[{"taxonomy":"category","embeddable":true,"href":"https:\/\/natureetresidencevillage.com\/en\/wp-json\/wp\/v2\/categories?post=2675"},{"taxonomy":"post_tag","embeddable":true,"href":"https:\/\/natureetresidencevillage.com\/en\/wp-json\/wp\/v2\/tags?post=2675"}],"curies":[{"name":"wp","href":"https:\/\/api.w.org\/{rel}","templated":true}]}}